{"id":831,"date":"2007-04-13T11:07:22","date_gmt":"2007-04-13T09:07:22","guid":{"rendered":"http:\/\/robert.kolatzek.org\/wblog\/?p=1"},"modified":"2007-04-13T11:07:22","modified_gmt":"2007-04-13T09:07:22","slug":"about","status":"publish","type":"post","link":"https:\/\/blog.kolatzek.org\/wblog\/831\/about","title":{"rendered":"Hallo Welt!"},"content":{"rendered":"<p>Mit diesem Programmierergru\u00df m\u00f6chte ich Sie in meinem Blog begr\u00fc\u00dfen. Wie Sie vielleicht schon merken, es ist ein Blog eines Programmierers&#8230; Aber nicht nur!<\/p>\n<p>Grunds\u00e4tzlich bin ich dazu geneigt, die Welt vor der geistigen Diarrh\u00f6 eines m\u00f6chte-gern Philosophen zu verschonen. In einigen F\u00e4llen behalte ich mir dennoch vor, meinen Senf zum \u00dcberfluss am Gedankengut dieser Welt beizutragen. Sachlich und vor allen nicht naiv\/blind zu bleiben, ist aber das oberste Gebot. Und das geht bei IT-Themen am besten.<\/p>\n<p>&#8222;Ich bin, also denke ich&#8220; &#8211; den Slogan meines Blogs &#8211; habe ich nicht zuf\u00e4llig gew\u00e4hlt. Descartes behauptete 1644 in Principia Philosophiae, dass das Denken ein denkendes Subjet voraussetzt. Und das ist der Denkende selbst.<\/p>\n<p>Ich drehte diesen Satz bewusst um. Aus der Logik wissen wir ja, dass diese Umkehrung etwas anderes bedeuten muss: Wenn ich denke, ist es sehr wahrscheinlich, dass ich existiere. Ich kann aber auch existieren, ohne zu denken (z.B. wenn ich schlafe). Ich behaupte mit meinem Slogan (und in jeder Behaptung ist gewisserma\u00dfen der Anspruch auf Wahrheit enthalten), dass f\u00fcr mich das Dasein und das Denken unbedingt zusammen geh\u00f6ren. Dass dies nicht der Fall sein muss, beweisen mir die Politik, die Medien oder die Werbung.<\/p>\n<p>Ich m\u00f6chte auf diesen Seiten meine Meinung zum Ausdruck bringen. Ob Sie es sinnvoll finden oder nicht, k\u00f6nnen Sie im Kommentar festhalten. Die meisten \u00c4u\u00dferungen werden unstrittig sein, da sie nahezu mathematisch entweder richtig oder falsch sein k\u00f6nnen &#8211; n\u00e4mlich die \u00fcber die Programmierung.<\/p>\n<p>Ich w\u00fcnsche viel Spa\u00df bei der Lekt\u00fcre!<\/p>\n","protected":false},"excerpt":{"rendered":"<p>Mit diesem Programmierergru\u00df m\u00f6chte ich Sie in meinem Blog begr\u00fc\u00dfen. Wie Sie vielleicht schon merken, es ist ein Blog eines Programmierers&#8230; Aber nicht nur! Grunds\u00e4tzlich bin ich dazu geneigt, die Welt vor der geistigen Diarrh\u00f6 eines m\u00f6chte-gern Philosophen zu verschonen. In einigen F\u00e4llen behalte ich mir dennoch vor, meinen Senf zum \u00dcberfluss am Gedankengut dieser [&hellip;]<\/p>\n","protected":false},"author":2,"featured_media":0,"comment_status":"open","ping_status":"open","sticky":false,"template":"","format":"standard","meta":{"_sitemap_exclude":false,"_sitemap_priority":"","_sitemap_frequency":"","ocean_post_layout":"","ocean_both_sidebars_style":"","ocean_both_sidebars_content_width":0,"ocean_both_sidebars_sidebars_width":0,"ocean_sidebar":"","ocean_second_sidebar":"","ocean_disable_margins":"enable","ocean_add_body_class":"","ocean_shortcode_before_top_bar":"","ocean_shortcode_after_top_bar":"","ocean_shortcode_before_header":"","ocean_shortcode_after_header":"","ocean_has_shortcode":"","ocean_shortcode_after_title":"","ocean_shortcode_before_footer_widgets":"","ocean_shortcode_after_footer_widgets":"","ocean_shortcode_before_footer_bottom":"","ocean_shortcode_after_footer_bottom":"","ocean_display_top_bar":"default","ocean_display_header":"default","ocean_header_style":"","ocean_center_header_left_menu":"","ocean_custom_header_template":"","ocean_custom_logo":0,"ocean_custom_retina_logo":0,"ocean_custom_logo_max_width":0,"ocean_custom_logo_tablet_max_width":0,"ocean_custom_logo_mobile_max_width":0,"ocean_custom_logo_max_height":0,"ocean_custom_logo_tablet_max_height":0,"ocean_custom_logo_mobile_max_height":0,"ocean_header_custom_menu":"","ocean_menu_typo_font_family":"","ocean_menu_typo_font_subset":"","ocean_menu_typo_font_size":0,"ocean_menu_typo_font_size_tablet":0,"ocean_menu_typo_font_size_mobile":0,"ocean_menu_typo_font_size_unit":"px","ocean_menu_typo_font_weight":"","ocean_menu_typo_font_weight_tablet":"","ocean_menu_typo_font_weight_mobile":"","ocean_menu_typo_transform":"","ocean_menu_typo_transform_tablet":"","ocean_menu_typo_transform_mobile":"","ocean_menu_typo_line_height":0,"ocean_menu_typo_line_height_tablet":0,"ocean_menu_typo_line_height_mobile":0,"ocean_menu_typo_line_height_unit":"","ocean_menu_typo_spacing":0,"ocean_menu_typo_spacing_tablet":0,"ocean_menu_typo_spacing_mobile":0,"ocean_menu_typo_spacing_unit":"","ocean_menu_link_color":"","ocean_menu_link_color_hover":"","ocean_menu_link_color_active":"","ocean_menu_link_background":"","ocean_menu_link_hover_background":"","ocean_menu_link_active_background":"","ocean_menu_social_links_bg":"","ocean_menu_social_hover_links_bg":"","ocean_menu_social_links_color":"","ocean_menu_social_hover_links_color":"","ocean_disable_title":"default","ocean_disable_heading":"default","ocean_post_title":"","ocean_post_subheading":"","ocean_post_title_style":"","ocean_post_title_background_color":"","ocean_post_title_background":0,"ocean_post_title_bg_image_position":"","ocean_post_title_bg_image_attachment":"","ocean_post_title_bg_image_repeat":"","ocean_post_title_bg_image_size":"","ocean_post_title_height":0,"ocean_post_title_bg_overlay":0.5,"ocean_post_title_bg_overlay_color":"","ocean_disable_breadcrumbs":"default","ocean_breadcrumbs_color":"","ocean_breadcrumbs_separator_color":"","ocean_breadcrumbs_links_color":"","ocean_breadcrumbs_links_hover_color":"","ocean_display_footer_widgets":"default","ocean_display_footer_bottom":"default","ocean_custom_footer_template":"","ocean_post_oembed":"","ocean_post_self_hosted_media":"","ocean_post_video_embed":"","ocean_link_format":"","ocean_link_format_target":"self","ocean_quote_format":"","ocean_quote_format_link":"post","ocean_gallery_link_images":"on","ocean_gallery_id":[],"footnotes":""},"categories":[2],"tags":[],"class_list":["post-831","post","type-post","status-publish","format-standard","hentry","category-allgemeines","entry"],"_links":{"self":[{"href":"https:\/\/blog.kolatzek.org\/wblog\/wp-json\/wp\/v2\/posts\/831","targetHints":{"allow":["GET"]}}],"collection":[{"href":"https:\/\/blog.kolatzek.org\/wblog\/wp-json\/wp\/v2\/posts"}],"about":[{"href":"https:\/\/blog.kolatzek.org\/wblog\/wp-json\/wp\/v2\/types\/post"}],"author":[{"embeddable":true,"href":"https:\/\/blog.kolatzek.org\/wblog\/wp-json\/wp\/v2\/users\/2"}],"replies":[{"embeddable":true,"href":"https:\/\/blog.kolatzek.org\/wblog\/wp-json\/wp\/v2\/comments?post=831"}],"version-history":[{"count":0,"href":"https:\/\/blog.kolatzek.org\/wblog\/wp-json\/wp\/v2\/posts\/831\/revisions"}],"wp:attachment":[{"href":"https:\/\/blog.kolatzek.org\/wblog\/wp-json\/wp\/v2\/media?parent=831"}],"wp:term":[{"taxonomy":"category","embeddable":true,"href":"https:\/\/blog.kolatzek.org\/wblog\/wp-json\/wp\/v2\/categories?post=831"},{"taxonomy":"post_tag","embeddable":true,"href":"https:\/\/blog.kolatzek.org\/wblog\/wp-json\/wp\/v2\/tags?post=831"}],"curies":[{"name":"wp","href":"https:\/\/api.w.org\/{rel}","templated":true}]}}